{"id":6002,"date":"2013-02-06T10:27:27","date_gmt":"2013-02-06T10:27:27","guid":{"rendered":"http:\/\/zubry.starachowice.zhp.pl\/?p=6002"},"modified":"2013-02-08T18:05:50","modified_gmt":"2013-02-08T18:05:50","slug":"stefan-derlatka-zolnierz-harcerz-wielki-polak","status":"publish","type":"post","link":"https:\/\/zubry.starachowice.zhp.pl\/?p=6002","title":{"rendered":"Stefan Derlatka &#8211; \u017bO\u0141NIERZ, HARCERZ, WIELKI POLAK"},"content":{"rendered":"<h5 style=\"text-align: justify;\"><em><strong><a href=\"http:\/\/zubry.starachowice.zhp.pl\/wp-content\/uploads\/2013\/02\/Slajd1-2.jpg\"><\/a><a href=\"http:\/\/zubry.starachowice.zhp.pl\/wp-content\/uploads\/2013\/02\/Slajd1-2.jpg\"><img loading=\"lazy\" class=\"size-full wp-image-6032 alignright\" title=\"Slajd1 (2)\" src=\"http:\/\/zubry.starachowice.zhp.pl\/wp-content\/uploads\/2013\/02\/Slajd1-2.jpg\" alt=\"\" width=\"238\" height=\"159\" srcset=\"https:\/\/zubry.starachowice.zhp.pl\/wp-content\/uploads\/2013\/02\/Slajd1-2.jpg 567w, https:\/\/zubry.starachowice.zhp.pl\/wp-content\/uploads\/2013\/02\/Slajd1-2-300x200.jpg 300w\" sizes=\"(max-width: 238px) 100vw, 238px\" \/><\/a>&#8222;Moje \u017cycie w zielonym mundurze&#8221;<\/strong> &#8211;<\/em>to wspomnienia harcerza Stefana\u00a0\u00a0Derlatki\u00a0\u00a0kapitana Armii Krajowej ps. Daniel&#8221;. Jest to II poszerzone i uzupe\u0142nione wydanie ksi\u0105\u017cki. Obejmuje lata 1939 &#8211; 2012, zwi\u0105zane z dzia\u0142alno\u015bci\u0105 harcersk\u0105, walk\u0119 o Woln\u0105 i Niepodleg\u0142\u0105 Polsk\u0119, rozw\u00f3j turystyki i krajoznawstwa &#8222;Krainy \u015awi\u0119tokrzyskiej&#8221;, oraz utrwalanie pami\u0119ci narodowej<br \/>\nw postaci tablic i pomnik\u00f3w z okresu II wojny \u015bwiatowej,<br \/>\naby ich pami\u0119\u0107 by\u0142a niezapomniana.<\/h5>\n<h5 style=\"text-align: justify;\"><em><strong><a href=\"http:\/\/zubry.starachowice.zhp.pl\/wp-content\/uploads\/2013\/02\/P1270535.jpg\"><img loading=\"lazy\" class=\"alignleft size-full wp-image-6040\" title=\"P1270535\" src=\"http:\/\/zubry.starachowice.zhp.pl\/wp-content\/uploads\/2013\/02\/P1270535.jpg\" alt=\"\" width=\"230\" height=\"288\" srcset=\"https:\/\/zubry.starachowice.zhp.pl\/wp-content\/uploads\/2013\/02\/P1270535.jpg 384w, https:\/\/zubry.starachowice.zhp.pl\/wp-content\/uploads\/2013\/02\/P1270535-240x300.jpg 240w\" sizes=\"(max-width: 230px) 100vw, 230px\" \/><\/a>Stefan Derlatka <\/strong><\/em>urodzi\u0142 si\u0119 3 stycznia 1927 roku w Starym Dworze. Jest absolwentem Gimnazjum Koedukacyjnego w Starachowicach. By\u0142 pracownikiem Wydzia\u0142u Wojskowego Powiatowej Rady Narodowej (1948-1958) w Starachowicach.\u00a0W czasie II wojny \u015bwiatowej by\u0142 \u017co\u0142nierzem Armii Krajowej, walczy\u0142 u &#8222;Ponurego&#8221; w G\u00f3rach \u015awi\u0119tokrzyskich, p\u00f3\u017aniej w oddziale genera\u0142a Antoniego Hedy. Spieszy\u0142 r\u00f3wnie\u017c na pomoc powsta\u0144com, uczestniczy\u0142 w s\u0142ynnych bohaterskich akcjach Armii Krajowej, rozbijaj\u0105c kieleckie wi\u0119zienie, z kt\u00f3rego uwolniono \u017co\u0142nierzy Armii Krajowej wi\u0119zionych przez Urz\u0105d Bezpiecze\u0144stwa Publicznego. W czasach komunizmu przeprowadzi\u0142 polskie harcerstwo do wolnej Polski. 1 wrze\u015bnia 2008 roku druh harcmistrz Stefan Derlatka odebra\u0142 Krzy\u017c Oficerski Orderu Odrodzenia Polski nadany przez Prezydenta Rzeczypospolitej Polskiej Lecha Kaczy\u0144skiego za wybitne zas\u0142ugi dla niepodleg\u0142o\u015bci Rzeczypospolitej Polskiej, dzia\u0142alno\u015b\u0107 na rzecz \u015brodowisk kombatanckich oraz za kultywowanie najnowszej historii Polski. Druh Stefan Derlatka jest osob\u0105 o niewyczerpanych zapasach energii, pasjonuje si\u0119 histori\u0105 , do tej pory jest \u017ar\u00f3d\u0142em cennych informacji, kt\u00f3re historia kiedy\u015b ukrywa\u0142a. Z jego spu\u015bcizny korzysta r\u00f3wnie\u017c Instytut Pami\u0119ci Narodowej. To wa\u017cna posta\u0107 tak\u017ce dlatego, \u017ce wok\u00f3\u0142 niego, m\u0119\u017cczyzny w podesz\u0142ym wieku, gromadz\u0105 si\u0119 m\u0142odzi ludzie. Nadal jest aktywnym instruktorem Zwi\u0105zku Harcerstwa Polskiego, a gromadz\u0105cy si\u0119 wok\u00f3\u0142 niego m\u0142odzi ludzie daj\u0105 gwarancj\u0119, \u017ce ponios\u0105 kiedy\u015b w przysz\u0142o\u015b\u0107 polsk\u0105 tradycj\u0119, \u017ce s\u0105 lud\u017ami, kt\u00f3rzy naprawd\u0119 interesyj\u0105 si\u0119 Polsk\u0105 i jej przesz\u0142o\u015bci\u0105.<\/h5>\n<h5 style=\"text-align: justify;\"><em>\u017ar\u00f3d\u0142o: ksi\u0105\u017cka &#8222;Moje \u017cycie w zielonym mundurze&#8221;<\/em><\/h5>\n<address style=\"text-align: right;\"><\/address>\n<address style=\"text-align: right;\"><\/address>\n<address style=\"text-align: right;\"><\/address>\n<address style=\"text-align: right;\"><\/address>\n<address style=\"text-align: right;\"><\/address>\n<address style=\"text-align: right;\"><\/address>\n<address style=\"text-align: right;\"><\/address>\n","protected":false},"excerpt":{"rendered":"<p>&#8222;Moje \u017cycie w zielonym mundurze&#8221; &#8211;to wspomnienia harcerza Stefana\u00a0\u00a0Derlatki\u00a0\u00a0kapitana Armii Krajowej ps. Daniel&#8221;. Jest to II poszerzone i uzupe\u0142nione wydanie ksi\u0105\u017cki. Obejmuje lata 1939 &#8211; 2012, zwi\u0105zane z dzia\u0142alno\u015bci\u0105 harcersk\u0105, walk\u0119 o Woln\u0105 i Niepodleg\u0142\u0105 Polsk\u0119, rozw\u00f3j turystyki i krajoznawstwa &hellip; <a href=\"https:\/\/zubry.starachowice.zhp.pl\/?p=6002\">Czytaj dalej <span class=\"meta-nav\">&rarr;<\/span><\/a><\/p>\n","protected":false},"author":1,"featured_media":0,"comment_status":"open","ping_status":"open","sticky":false,"template":"","format":"standard","meta":[],"categories":[1],"tags":[],"_links":{"self":[{"href":"https:\/\/zubry.starachowice.zhp.pl\/index.php?rest_route=\/wp\/v2\/posts\/6002"}],"collection":[{"href":"https:\/\/zubry.starachowice.zhp.pl\/index.php?rest_route=\/wp\/v2\/posts"}],"about":[{"href":"https:\/\/zubry.starachowice.zhp.pl\/index.php?rest_route=\/wp\/v2\/types\/post"}],"author":[{"embeddable":true,"href":"https:\/\/zubry.starachowice.zhp.pl\/index.php?rest_route=\/wp\/v2\/users\/1"}],"replies":[{"embeddable":true,"href":"https:\/\/zubry.starachowice.zhp.pl\/index.php?rest_route=%2Fwp%2Fv2%2Fcomments&post=6002"}],"version-history":[{"count":17,"href":"https:\/\/zubry.starachowice.zhp.pl\/index.php?rest_route=\/wp\/v2\/posts\/6002\/revisions"}],"predecessor-version":[{"id":6005,"href":"https:\/\/zubry.starachowice.zhp.pl\/index.php?rest_route=\/wp\/v2\/posts\/6002\/revisions\/6005"}],"wp:attachment":[{"href":"https:\/\/zubry.starachowice.zhp.pl\/index.php?rest_route=%2Fwp%2Fv2%2Fmedia&parent=6002"}],"wp:term":[{"taxonomy":"category","embeddable":true,"href":"https:\/\/zubry.starachowice.zhp.pl\/index.php?rest_route=%2Fwp%2Fv2%2Fcategories&post=6002"},{"taxonomy":"post_tag","embeddable":true,"href":"https:\/\/zubry.starachowice.zhp.pl\/index.php?rest_route=%2Fwp%2Fv2%2Ftags&post=6002"}],"curies":[{"name":"wp","href":"https:\/\/api.w.org\/{rel}","templated":true}]}}