{"id":6910,"date":"2013-08-16T21:46:47","date_gmt":"2013-08-16T21:46:47","guid":{"rendered":"http:\/\/zubry.starachowice.zhp.pl\/?p=6910"},"modified":"2013-08-16T21:53:01","modified_gmt":"2013-08-16T21:53:01","slug":"odszedl-na-wieczna-warte","status":"publish","type":"post","link":"https:\/\/zubry.starachowice.zhp.pl\/?p=6910","title":{"rendered":"ODSZED\u0141 NA WIECZN\u0104 WART\u0118"},"content":{"rendered":"<address style=\"text-align: center;\"><strong><span style=\"color: #000000;\">Z g\u0142\u0119bokim smutkiem zawiadamiamy,<\/span><\/strong><br \/>\n<strong><span style=\"color: #000000;\"> \u017ce odszed\u0142 na wieczn\u0105 wart\u0119<\/span><\/strong><br \/>\n<strong><span style=\"color: #000000;\"> wieloletni zas\u0142u\u017cony instruktor Hufca ZHP Starachowice<\/span><\/strong><br \/>\n<strong><span style=\"color: #000000;\"> cz\u0142onek Harcerskiego Kr\u0119gu Senior\u00f3w \u201e\u0141ysica \u2013 \u017bubry\u201d<\/span><\/strong><\/address>\n<address style=\"text-align: center;\">\u00a0<\/address>\n<h3 style=\"text-align: center;\"><strong>Druh harcmistrz Waldemar Chmielewski<\/strong><\/h3>\n<address style=\"text-align: center;\"><strong>Uroczysto\u015bci pogrzebowe rozpoczn\u0105 si\u0119<\/strong><br \/>\n<strong> dnia 19 sierpnia 2013 r. o godz. 13.40<\/strong><br \/>\n<strong> w Ko\u015bciele p.w. \u015awi\u0119tej Tr\u00f3jcy<\/strong><\/address>\n<address style=\"text-align: center;\"><strong>Wszystkich, kt\u00f3rzy Go spotkali na harcerskim szlaku<\/strong><br \/>\n<strong> prosimy o chwil\u0119 zadumy<\/strong><br \/>\n<strong> pozostaj\u0105cy w g\u0142\u0119bokim smutku.<\/strong><\/address>\n<address style=\"text-align: center;\"><strong>Zuchy, Harcerze, Instruktorzy i Seniorzy<\/strong><br \/>\n<strong> Hufca ZHP Starachowice<\/strong><\/address>\n","protected":false},"excerpt":{"rendered":"<p>Z g\u0142\u0119bokim smutkiem zawiadamiamy, \u017ce odszed\u0142 na wieczn\u0105 wart\u0119 wieloletni zas\u0142u\u017cony instruktor Hufca ZHP Starachowice cz\u0142onek Harcerskiego Kr\u0119gu Senior\u00f3w \u201e\u0141ysica \u2013 \u017bubry\u201d \u00a0 Druh harcmistrz Waldemar Chmielewski Uroczysto\u015bci pogrzebowe rozpoczn\u0105 si\u0119 dnia 19 sierpnia 2013 r. o godz. 13.40 w &hellip; <a href=\"https:\/\/zubry.starachowice.zhp.pl\/?p=6910\">Czytaj dalej <span class=\"meta-nav\">&rarr;<\/span><\/a><\/p>\n","protected":false},"author":1,"featured_media":0,"comment_status":"open","ping_status":"open","sticky":false,"template":"","format":"standard","meta":[],"categories":[1],"tags":[],"_links":{"self":[{"href":"https:\/\/zubry.starachowice.zhp.pl\/index.php?rest_route=\/wp\/v2\/posts\/6910"}],"collection":[{"href":"https:\/\/zubry.starachowice.zhp.pl\/index.php?rest_route=\/wp\/v2\/posts"}],"about":[{"href":"https:\/\/zubry.starachowice.zhp.pl\/index.php?rest_route=\/wp\/v2\/types\/post"}],"author":[{"embeddable":true,"href":"https:\/\/zubry.starachowice.zhp.pl\/index.php?rest_route=\/wp\/v2\/users\/1"}],"replies":[{"embeddable":true,"href":"https:\/\/zubry.starachowice.zhp.pl\/index.php?rest_route=%2Fwp%2Fv2%2Fcomments&post=6910"}],"version-history":[{"count":5,"href":"https:\/\/zubry.starachowice.zhp.pl\/index.php?rest_route=\/wp\/v2\/posts\/6910\/revisions"}],"predecessor-version":[{"id":6913,"href":"https:\/\/zubry.starachowice.zhp.pl\/index.php?rest_route=\/wp\/v2\/posts\/6910\/revisions\/6913"}],"wp:attachment":[{"href":"https:\/\/zubry.starachowice.zhp.pl\/index.php?rest_route=%2Fwp%2Fv2%2Fmedia&parent=6910"}],"wp:term":[{"taxonomy":"category","embeddable":true,"href":"https:\/\/zubry.starachowice.zhp.pl\/index.php?rest_route=%2Fwp%2Fv2%2Fcategories&post=6910"},{"taxonomy":"post_tag","embeddable":true,"href":"https:\/\/zubry.starachowice.zhp.pl\/index.php?rest_route=%2Fwp%2Fv2%2Ftags&post=6910"}],"curies":[{"name":"wp","href":"https:\/\/api.w.org\/{rel}","templated":true}]}}